{"id":6895,"date":"2025-12-23T13:23:31","date_gmt":"2025-12-23T19:23:31","guid":{"rendered":"https:\/\/unmgp.gob.gt\/es\/?p=6895"},"modified":"2025-12-29T13:52:46","modified_gmt":"2025-12-29T19:52:46","slug":"actividades-navidenas-fortalecen-la-rehabilitacion-a-traves-del-arte-en-el-centro-de-cumplimiento-de-condenas-para-mujeres-fraijanes-1-2","status":"publish","type":"post","link":"https:\/\/unmgp.gob.gt\/es\/2025\/12\/23\/actividades-navidenas-fortalecen-la-rehabilitacion-a-traves-del-arte-en-el-centro-de-cumplimiento-de-condenas-para-mujeres-fraijanes-1-2\/","title":{"rendered":"Principales logros del a\u00f1o en el Centro de Cumplimiento de Condenas para Mujeres Fraijanes 1"},"content":{"rendered":"\n<p>Durante el a\u00f1o, el Centro de Cumplimiento de Condenas para Mujeres Fraijanes 1 consolid\u00f3 avances significativos en materia de rehabilitaci\u00f3n, fortaleciendo un modelo de gesti\u00f3n penitenciaria que prioriza la transformaci\u00f3n integral de las privadas de libertad y su reinserci\u00f3n positiva a la sociedad.<\/p>\n\n\n\n<p>La rehabilitaci\u00f3n se mantiene como el eje central de la gesti\u00f3n del centro, desarroll\u00e1ndose a trav\u00e9s de programas y proyectos fundamentados en la pol\u00edtica de&nbsp;<strong>CERO OCIO<\/strong>, implementados mediante un&nbsp;<strong>horario regimentado<\/strong>&nbsp;que promueve la disciplina, la constancia y el uso productivo del tiempo como herramientas clave para el cambio conductual y social.<\/p>\n\n\n\n<p>En el \u00e1mbito educativo,&nbsp;<strong>73 internas participaron en programas de educaci\u00f3n formal<\/strong>, que abarcan desde alfabetizaci\u00f3n hasta nivel universitario. Como resultado de este esfuerzo,&nbsp;<strong>32 internas se graduaron<\/strong>&nbsp;en los niveles de primaria, b\u00e1sicos y bachillerato, fortaleciendo sus competencias acad\u00e9micas y ampliando sus oportunidades de desarrollo personal y profesional.<\/p>\n\n\n\n<figure class=\"wp-block-image size-full\"><img loading=\"lazy\" decoding=\"async\" width=\"2560\" height=\"1439\" src=\"https:\/\/unmgp.gob.gt\/es\/wp-content\/uploads\/2025\/12\/Captura-de-pantalla-2025-12-23-a-las-12.22.41-p.-m-scaled.png\" alt=\"\" class=\"wp-image-6889\" srcset=\"https:\/\/unmgp.gob.gt\/es\/wp-content\/uploads\/2025\/12\/Captura-de-pantalla-2025-12-23-a-las-12.22.41-p.-m-scaled.png 2560w, https:\/\/unmgp.gob.gt\/es\/wp-content\/uploads\/2025\/12\/Captura-de-pantalla-2025-12-23-a-las-12.22.41-p.-m-300x169.png 300w, https:\/\/unmgp.gob.gt\/es\/wp-content\/uploads\/2025\/12\/Captura-de-pantalla-2025-12-23-a-las-12.22.41-p.-m-1024x576.png 1024w, https:\/\/unmgp.gob.gt\/es\/wp-content\/uploads\/2025\/12\/Captura-de-pantalla-2025-12-23-a-las-12.22.41-p.-m-768x432.png 768w, https:\/\/unmgp.gob.gt\/es\/wp-content\/uploads\/2025\/12\/Captura-de-pantalla-2025-12-23-a-las-12.22.41-p.-m-1536x864.png 1536w, https:\/\/unmgp.gob.gt\/es\/wp-content\/uploads\/2025\/12\/Captura-de-pantalla-2025-12-23-a-las-12.22.41-p.-m-2048x1151.png 2048w, https:\/\/unmgp.gob.gt\/es\/wp-content\/uploads\/2025\/12\/Captura-de-pantalla-2025-12-23-a-las-12.22.41-p.-m-600x337.png 600w\" sizes=\"auto, (max-width: 2560px) 100vw, 2560px\" \/><\/figure>\n\n\n\n<p class=\"has-text-align-left\">De manera complementaria,&nbsp;<strong>m\u00e1s de 70 internas recibieron capacitaci\u00f3n y formaci\u00f3n t\u00e9cnica<\/strong>, mediante cursos de computaci\u00f3n, matem\u00e1tica, emprendimiento, sublimaci\u00f3n b\u00e1sica, corte y confecci\u00f3n, patronaje, manipulaci\u00f3n y buenas pr\u00e1cticas de alimentos, elaboraci\u00f3n de velas simples y arom\u00e1ticas, entre otros. Estas acciones est\u00e1n orientadas a brindar herramientas pr\u00e1cticas que favorezcan el autoempleo y la inserci\u00f3n laboral al momento de su egreso.<\/p>\n\n\n\n<p class=\"has-text-align-left\">Asimismo, como parte del fortalecimiento de competencias certificables,&nbsp;<strong>14 internas fueron evaluadas para optar a la certificaci\u00f3n en Microsoft Excel<\/strong>, incrementando sus posibilidades de incorporaci\u00f3n al mercado laboral formal.<\/p>\n\n\n\n<figure class=\"wp-block-image size-full\"><img loading=\"lazy\" decoding=\"async\" width=\"2560\" height=\"1707\" src=\"https:\/\/unmgp.gob.gt\/es\/wp-content\/uploads\/2025\/12\/DSC0949.jpg\" alt=\"\" class=\"wp-image-6894\" srcset=\"https:\/\/unmgp.gob.gt\/es\/wp-content\/uploads\/2025\/12\/DSC0949.jpg 2560w, https:\/\/unmgp.gob.gt\/es\/wp-content\/uploads\/2025\/12\/DSC0949-300x200.jpg 300w, https:\/\/unmgp.gob.gt\/es\/wp-content\/uploads\/2025\/12\/DSC0949-1024x683.jpg 1024w, https:\/\/unmgp.gob.gt\/es\/wp-content\/uploads\/2025\/12\/DSC0949-768x512.jpg 768w, https:\/\/unmgp.gob.gt\/es\/wp-content\/uploads\/2025\/12\/DSC0949-1536x1024.jpg 1536w, https:\/\/unmgp.gob.gt\/es\/wp-content\/uploads\/2025\/12\/DSC0949-2048x1366.jpg 2048w, https:\/\/unmgp.gob.gt\/es\/wp-content\/uploads\/2025\/12\/DSC0949-600x400.jpg 600w\" sizes=\"auto, (max-width: 2560px) 100vw, 2560px\" \/><\/figure>\n\n\n\n<p>En el fortalecimiento institucional, durante este a\u00f1o&nbsp;<strong>se avanz\u00f3 de manera significativa en el proceso de acreditaci\u00f3n ante la American Correctional Association (ACA)<\/strong>, alcanzando&nbsp;<strong>un 80 % de cumplimiento<\/strong>&nbsp;de los est\u00e1ndares requeridos. Este avance permitir\u00e1 que en el a\u00f1o&nbsp;<strong>2026 el centro obtenga la acreditaci\u00f3n ACA<\/strong>, la cual garantiza procesos claros, controles previos efectivos y una gesti\u00f3n penitenciaria m\u00e1s segura, ordenada y alineada a est\u00e1ndares internacionales.<\/p>\n\n\n\n<p>Como resultado tangible del proceso de rehabilitaci\u00f3n,&nbsp;<strong>durante el a\u00f1o se otorgaron 10 libertades<\/strong>&nbsp;a mujeres que cumplieron su condena y desarrollaron exitosamente su proceso de rehabilitaci\u00f3n, permiti\u00e9ndoles reintegrarse a la sociedad como personas productivas, contribuyendo activamente al bienestar de sus familias y comunidades.<\/p>\n\n\n\n<p class=\"has-text-align-left\">Estos logros reflejan el trabajo articulado del equipo multidisciplinario y la gesti\u00f3n administrativa del centro, enfocados en consolidar un modelo penitenciario basado en la disciplina, la educaci\u00f3n, el trabajo y la seguridad, como pilares fundamentales para una reinserci\u00f3n social efectiva y sostenible.<\/p>\n\n\n\n<p>.<\/p>\n","protected":false},"excerpt":{"rendered":"<p>Durante el a\u00f1o, el Centro de Cumplimiento de Condenas para Mujeres Fraijanes 1 consolid\u00f3 avances significativos en materia de rehabilitaci\u00f3n, fortaleciendo un modelo de gesti\u00f3n penitenciaria que prioriza la transformaci\u00f3n integral de las privadas de libertad y su reinserci\u00f3n positiva a la sociedad.<\/p>\n","protected":false},"author":1,"featured_media":6893,"comment_status":"open","ping_status":"closed","sticky":false,"template":"","format":"standard","meta":{"_jetpack_memberships_contains_paid_content":false,"footnotes":""},"categories":[20],"tags":[],"class_list":["post-6895","post","type-post","status-publish","format-standard","has-post-thumbnail","hentry","category-noticias","category-20","description-off"],"jetpack_featured_media_url":"https:\/\/unmgp.gob.gt\/es\/wp-content\/uploads\/2025\/12\/graduandas.jpg","jetpack_sharing_enabled":true,"_links":{"self":[{"href":"https:\/\/unmgp.gob.gt\/es\/wp-json\/wp\/v2\/posts\/6895","targetHints":{"allow":["GET"]}}],"collection":[{"href":"https:\/\/unmgp.gob.gt\/es\/wp-json\/wp\/v2\/posts"}],"about":[{"href":"https:\/\/unmgp.gob.gt\/es\/wp-json\/wp\/v2\/types\/post"}],"author":[{"embeddable":true,"href":"https:\/\/unmgp.gob.gt\/es\/wp-json\/wp\/v2\/users\/1"}],"replies":[{"embeddable":true,"href":"https:\/\/unmgp.gob.gt\/es\/wp-json\/wp\/v2\/comments?post=6895"}],"version-history":[{"count":5,"href":"https:\/\/unmgp.gob.gt\/es\/wp-json\/wp\/v2\/posts\/6895\/revisions"}],"predecessor-version":[{"id":6904,"href":"https:\/\/unmgp.gob.gt\/es\/wp-json\/wp\/v2\/posts\/6895\/revisions\/6904"}],"wp:featuredmedia":[{"embeddable":true,"href":"https:\/\/unmgp.gob.gt\/es\/wp-json\/wp\/v2\/media\/6893"}],"wp:attachment":[{"href":"https:\/\/unmgp.gob.gt\/es\/wp-json\/wp\/v2\/media?parent=6895"}],"wp:term":[{"taxonomy":"category","embeddable":true,"href":"https:\/\/unmgp.gob.gt\/es\/wp-json\/wp\/v2\/categories?post=6895"},{"taxonomy":"post_tag","embeddable":true,"href":"https:\/\/unmgp.gob.gt\/es\/wp-json\/wp\/v2\/tags?post=6895"}],"curies":[{"name":"wp","href":"https:\/\/api.w.org\/{rel}","templated":true}]}}