{"id":6876,"date":"2025-12-17T10:41:08","date_gmt":"2025-12-17T16:41:08","guid":{"rendered":"https:\/\/unmgp.gob.gt\/es\/?p=6876"},"modified":"2025-12-17T10:43:14","modified_gmt":"2025-12-17T16:43:14","slug":"guatemala-comparte-avances-del-nuevo-modelo-de-gestion-penitenciaria-en-conferencia-internacional-sobre-derechos-humanos","status":"publish","type":"post","link":"https:\/\/unmgp.gob.gt\/es\/2025\/12\/17\/guatemala-comparte-avances-del-nuevo-modelo-de-gestion-penitenciaria-en-conferencia-internacional-sobre-derechos-humanos\/","title":{"rendered":"Guatemala comparte avances del Nuevo Modelo de Gesti\u00f3n Penitenciaria en conferencia internacional sobre Derechos Humanos."},"content":{"rendered":"\n<p>La ONAPREP, en conjunto con la Escuela de Derecho de UNAPEC y el apoyo de instituciones acad\u00e9micas nacionales e internacionales, celebr\u00f3 la Conferencia Internacional \u201cDerechos Humanos y Sistema Penitenciario: Retos Globales y Buenas Pr\u00e1cticas Comparadas\u201d, un espacio destinado al intercambio de modelos penitenciarios innovadores y estrategias de reinserci\u00f3n social..<\/p>\n\n\n\n<p>El evento reuni\u00f3 a especialistas provenientes de Portugal, Ghana, Puerto Rico, Rep\u00fablica Dominicana y\u00a0<strong>Guatemala<\/strong>, quienes compartieron experiencias y retos comunes en materia de gesti\u00f3n penitenciaria, reducci\u00f3n de la prisi\u00f3n preventiva y certificaci\u00f3n de centros.<\/p>\n\n\n\n<p>Durante la jornada,\u00a0<strong>Guatemala tuvo una participaci\u00f3n destacada a trav\u00e9s del director ejecutivo del Nuevo Modelo de Gesti\u00f3n Penitenciaria, Dr. Juan Carlos Corzo Reyes<\/strong>, quien present\u00f3 los avances estructurales y humanos que el pa\u00eds est\u00e1 implementando para transformar su sistema carcelario. Su intervenci\u00f3n subray\u00f3 el rol del Nuevo Modelo en la\u00a0<strong>reeducaci\u00f3n, rehabilitaci\u00f3n y reinserci\u00f3n social<\/strong>\u00a0de las personas privadas de libertad, as\u00ed como la importancia de contar con procesos formativos, laborales y psicosociales que garanticen una verdadera segunda oportunidad.<\/p>\n\n\n\n<figure class=\"wp-block-image size-full\"><img loading=\"lazy\" decoding=\"async\" width=\"1322\" height=\"1062\" src=\"https:\/\/unmgp.gob.gt\/es\/wp-content\/uploads\/2025\/12\/WhatsApp-Image-2025-12-17-at-10.33.19-AM.jpeg\" alt=\"\" class=\"wp-image-6878\" srcset=\"https:\/\/unmgp.gob.gt\/es\/wp-content\/uploads\/2025\/12\/WhatsApp-Image-2025-12-17-at-10.33.19-AM.jpeg 1322w, https:\/\/unmgp.gob.gt\/es\/wp-content\/uploads\/2025\/12\/WhatsApp-Image-2025-12-17-at-10.33.19-AM-300x241.jpeg 300w, https:\/\/unmgp.gob.gt\/es\/wp-content\/uploads\/2025\/12\/WhatsApp-Image-2025-12-17-at-10.33.19-AM-1024x823.jpeg 1024w, https:\/\/unmgp.gob.gt\/es\/wp-content\/uploads\/2025\/12\/WhatsApp-Image-2025-12-17-at-10.33.19-AM-768x617.jpeg 768w, https:\/\/unmgp.gob.gt\/es\/wp-content\/uploads\/2025\/12\/WhatsApp-Image-2025-12-17-at-10.33.19-AM-600x482.jpeg 600w\" sizes=\"auto, (max-width: 1322px) 100vw, 1322px\" \/><\/figure>\n\n\n\n<p class=\"has-text-align-left\">El rector de UNAPEC, Erik P\u00e9rez Vega, dio las palabras de apertura, seguido por el director de ONAPREP, Roberto Santana, quien resalt\u00f3 la necesidad de fortalecer la cooperaci\u00f3n acad\u00e9mica y t\u00e9cnica entre pa\u00edses para alcanzar sistemas penitenciarios alineados a los est\u00e1ndares internacionales y centrados en la dignidad humana.<\/p>\n\n\n\n<p>Entre los ponentes internacionales participaron Ana Paula Sobral (Portugal), Kwaku Agyeman-Budu (Ghana), Julio Santana (Puerto Rico) y&nbsp;<strong>Juan Carlos Corzo (Guatemala)<\/strong>, quien fue reconocido por su aporte a los procesos de transformaci\u00f3n penitenciaria en la regi\u00f3n. Por Rep\u00fablica Dominicana intervinieron Antoliano Peralta Romero y el magistrado Rafael A. B\u00e1ez, quienes presentaron los avances locales en materia de reforma y modernizaci\u00f3n.<\/p>\n\n\n\n<p>Las conclusiones estuvieron a cargo de Juan Dionicio Rodr\u00edguez, coordinador del Sistema Justicia de ONAPREP, quien destac\u00f3 que el intercambio de experiencias fortalece la convicci\u00f3n de seguir construyendo sistemas penitenciarios m\u00e1s humanos, eficientes y respetuosos de los derechos fundamentales.<\/p>\n\n\n\n<p class=\"has-text-align-left\">La participaci\u00f3n de Guatemala reafirma su compromiso de avanzar hacia un modelo penitenciario renovado, basado en la formaci\u00f3n, la disciplina positiva y la dignificaci\u00f3n de cada persona privada de libertad.<\/p>\n","protected":false},"excerpt":{"rendered":"<p>La ONAPREP, en conjunto con la Escuela de Derecho de UNAPEC y el apoyo de instituciones acad\u00e9micas nacionales e internacionales, celebr\u00f3 la Conferencia Internacional \u201cDerechos Humanos y Sistema Penitenciario: Retos Globales y Buenas Pr\u00e1cticas Comparadas\u201d, un espacio destinado al intercambio de modelos penitenciarios innovadores y estrategias de reinserci\u00f3n social.<\/p>\n","protected":false},"author":1,"featured_media":6877,"comment_status":"open","ping_status":"closed","sticky":false,"template":"","format":"standard","meta":{"_jetpack_memberships_contains_paid_content":false,"footnotes":""},"categories":[20],"tags":[],"class_list":["post-6876","post","type-post","status-publish","format-standard","has-post-thumbnail","hentry","category-noticias","category-20","description-off"],"jetpack_featured_media_url":"https:\/\/unmgp.gob.gt\/es\/wp-content\/uploads\/2025\/12\/WhatsApp-Image-2025-12-17-at-10.33.18-AM.jpeg","jetpack_sharing_enabled":true,"_links":{"self":[{"href":"https:\/\/unmgp.gob.gt\/es\/wp-json\/wp\/v2\/posts\/6876","targetHints":{"allow":["GET"]}}],"collection":[{"href":"https:\/\/unmgp.gob.gt\/es\/wp-json\/wp\/v2\/posts"}],"about":[{"href":"https:\/\/unmgp.gob.gt\/es\/wp-json\/wp\/v2\/types\/post"}],"author":[{"embeddable":true,"href":"https:\/\/unmgp.gob.gt\/es\/wp-json\/wp\/v2\/users\/1"}],"replies":[{"embeddable":true,"href":"https:\/\/unmgp.gob.gt\/es\/wp-json\/wp\/v2\/comments?post=6876"}],"version-history":[{"count":2,"href":"https:\/\/unmgp.gob.gt\/es\/wp-json\/wp\/v2\/posts\/6876\/revisions"}],"predecessor-version":[{"id":6880,"href":"https:\/\/unmgp.gob.gt\/es\/wp-json\/wp\/v2\/posts\/6876\/revisions\/6880"}],"wp:featuredmedia":[{"embeddable":true,"href":"https:\/\/unmgp.gob.gt\/es\/wp-json\/wp\/v2\/media\/6877"}],"wp:attachment":[{"href":"https:\/\/unmgp.gob.gt\/es\/wp-json\/wp\/v2\/media?parent=6876"}],"wp:term":[{"taxonomy":"category","embeddable":true,"href":"https:\/\/unmgp.gob.gt\/es\/wp-json\/wp\/v2\/categories?post=6876"},{"taxonomy":"post_tag","embeddable":true,"href":"https:\/\/unmgp.gob.gt\/es\/wp-json\/wp\/v2\/tags?post=6876"}],"curies":[{"name":"wp","href":"https:\/\/api.w.org\/{rel}","templated":true}]}}