{"id":6851,"date":"2025-12-08T16:05:33","date_gmt":"2025-12-08T22:05:33","guid":{"rendered":"https:\/\/unmgp.gob.gt\/es\/?p=6851"},"modified":"2025-12-08T16:08:11","modified_gmt":"2025-12-08T22:08:11","slug":"unidad-del-nuevo-modelo-de-gestion-penitenciaria-realiza-charla-de-fortalecimiento-emocional-resiliencia-y-prevencion-de-la-violencia-para-su-personal","status":"publish","type":"post","link":"https:\/\/unmgp.gob.gt\/es\/2025\/12\/08\/unidad-del-nuevo-modelo-de-gestion-penitenciaria-realiza-charla-de-fortalecimiento-emocional-resiliencia-y-prevencion-de-la-violencia-para-su-personal\/","title":{"rendered":"Unidad del Nuevo Modelo de Gesti\u00f3n Penitenciaria realiza charla de fortalecimiento emocional, resiliencia y prevenci\u00f3n de la violencia para su personal."},"content":{"rendered":"\n<p>Como parte del compromiso de promover entornos laborales m\u00e1s seguros, humanos y orientados al bienestar, la Unidad del Nuevo Modelo de Gesti\u00f3n Penitenciaria desarroll\u00f3 una jornada de fortalecimiento emocional, resiliencia y prevenci\u00f3n de la violencia, dirigida a todas las mujeres que integran el equipo administrativo y multidisciplinario de la Unidad y del Centro de Cumplimiento de Condena para Mujeres Fraijanes 1.<\/p>\n\n\n\n<p>La actividad fue posible gracias al apoyo de ONU Mujeres Guatemala, instituci\u00f3n aliada en la promoci\u00f3n de la igualdad, el fortalecimiento de capacidades y la prevenci\u00f3n de la violencia contra las mujeres.<\/p>\n\n\n\n<p><strong>Durante la sesi\u00f3n, las participantes recibieron herramientas pr\u00e1cticas para:<\/strong><\/p>\n\n\n\n<p>-Identificar y gestionar emociones en contextos de alta demanda laboral.<\/p>\n\n\n\n<p>-Fortalecer la resiliencia personal y colectiva.<\/p>\n\n\n\n<p>-Reconocer situaciones de riesgo y promover ambientes libres de violencia.<\/p>\n\n\n\n<p>-Mejorar las din\u00e1micas de trabajo bajo un enfoque de respeto, igualdad y autocuidado.<\/p>\n\n\n\n<figure class=\"wp-block-image size-full\"><img loading=\"lazy\" decoding=\"async\" width=\"2560\" height=\"1707\" src=\"https:\/\/unmgp.gob.gt\/es\/wp-content\/uploads\/2025\/12\/MAN08303-scaled.jpg\" alt=\"\" class=\"wp-image-6840\" srcset=\"https:\/\/unmgp.gob.gt\/es\/wp-content\/uploads\/2025\/12\/MAN08303-scaled.jpg 2560w, https:\/\/unmgp.gob.gt\/es\/wp-content\/uploads\/2025\/12\/MAN08303-300x200.jpg 300w, https:\/\/unmgp.gob.gt\/es\/wp-content\/uploads\/2025\/12\/MAN08303-1024x683.jpg 1024w, https:\/\/unmgp.gob.gt\/es\/wp-content\/uploads\/2025\/12\/MAN08303-768x512.jpg 768w, https:\/\/unmgp.gob.gt\/es\/wp-content\/uploads\/2025\/12\/MAN08303-1536x1024.jpg 1536w, https:\/\/unmgp.gob.gt\/es\/wp-content\/uploads\/2025\/12\/MAN08303-2048x1365.jpg 2048w, https:\/\/unmgp.gob.gt\/es\/wp-content\/uploads\/2025\/12\/MAN08303-600x400.jpg 600w\" sizes=\"auto, (max-width: 2560px) 100vw, 2560px\" \/><\/figure>\n\n\n\n<p class=\"has-text-align-left\">Estas acciones forman parte del compromiso institucional de impulsar un modelo penitenciario centrado en la dignidad humana, el desarrollo integral y el acceso a oportunidades tanto para las mujeres privadas de libertad como para el personal que hace posible este proceso.<\/p>\n\n\n\n<figure class=\"wp-block-image size-full\"><img loading=\"lazy\" decoding=\"async\" width=\"2560\" height=\"1707\" src=\"https:\/\/unmgp.gob.gt\/es\/wp-content\/uploads\/2025\/12\/MAN25.jpg\" alt=\"\" class=\"wp-image-6850\" srcset=\"https:\/\/unmgp.gob.gt\/es\/wp-content\/uploads\/2025\/12\/MAN25.jpg 2560w, https:\/\/unmgp.gob.gt\/es\/wp-content\/uploads\/2025\/12\/MAN25-300x200.jpg 300w, https:\/\/unmgp.gob.gt\/es\/wp-content\/uploads\/2025\/12\/MAN25-1024x683.jpg 1024w, https:\/\/unmgp.gob.gt\/es\/wp-content\/uploads\/2025\/12\/MAN25-768x512.jpg 768w, https:\/\/unmgp.gob.gt\/es\/wp-content\/uploads\/2025\/12\/MAN25-1536x1024.jpg 1536w, https:\/\/unmgp.gob.gt\/es\/wp-content\/uploads\/2025\/12\/MAN25-2048x1366.jpg 2048w, https:\/\/unmgp.gob.gt\/es\/wp-content\/uploads\/2025\/12\/MAN25-600x400.jpg 600w\" sizes=\"auto, (max-width: 2560px) 100vw, 2560px\" \/><\/figure>\n\n\n\n<p><br>La Unidad del Nuevo Modelo de Gesti\u00f3n Penitenciaria reconoce y agradece el acompa\u00f1amiento de ONU Mujeres Guatemala, cuyo apoyo fortalece la implementaci\u00f3n de iniciativas que benefician directamente a las mujeres que lideran y sostienen este proyecto transformador.<\/p>\n\n\n\n<p><\/p>\n\n\n\n<p><\/p>\n\n\n\n<p><\/p>\n\n\n\n<p><\/p>\n\n\n\n<p><\/p>\n\n\n\n<p><\/p>\n\n\n\n<p><\/p>\n","protected":false},"excerpt":{"rendered":"<p>Como parte del compromiso de promover entornos laborales m\u00e1s seguros, humanos y orientados al bienestar, la Unidad del Nuevo Modelo de Gesti\u00f3n Penitenciaria desarroll\u00f3 una jornada de fortalecimiento emocional, resiliencia y prevenci\u00f3n de la violencia, dirigida a todas las mujeres que integran el equipo administrativo y multidisciplinario de la Unidad y del Centro de Cumplimiento de Condena para Mujeres Fraijanes 1.<\/p>\n","protected":false},"author":1,"featured_media":6839,"comment_status":"open","ping_status":"closed","sticky":false,"template":"","format":"standard","meta":{"_jetpack_memberships_contains_paid_content":false,"footnotes":""},"categories":[20],"tags":[],"class_list":["post-6851","post","type-post","status-publish","format-standard","has-post-thumbnail","hentry","category-noticias","category-20","description-off"],"jetpack_featured_media_url":"https:\/\/unmgp.gob.gt\/es\/wp-content\/uploads\/2025\/12\/MAN08280-scaled.jpg","jetpack_sharing_enabled":true,"_links":{"self":[{"href":"https:\/\/unmgp.gob.gt\/es\/wp-json\/wp\/v2\/posts\/6851","targetHints":{"allow":["GET"]}}],"collection":[{"href":"https:\/\/unmgp.gob.gt\/es\/wp-json\/wp\/v2\/posts"}],"about":[{"href":"https:\/\/unmgp.gob.gt\/es\/wp-json\/wp\/v2\/types\/post"}],"author":[{"embeddable":true,"href":"https:\/\/unmgp.gob.gt\/es\/wp-json\/wp\/v2\/users\/1"}],"replies":[{"embeddable":true,"href":"https:\/\/unmgp.gob.gt\/es\/wp-json\/wp\/v2\/comments?post=6851"}],"version-history":[{"count":3,"href":"https:\/\/unmgp.gob.gt\/es\/wp-json\/wp\/v2\/posts\/6851\/revisions"}],"predecessor-version":[{"id":6854,"href":"https:\/\/unmgp.gob.gt\/es\/wp-json\/wp\/v2\/posts\/6851\/revisions\/6854"}],"wp:featuredmedia":[{"embeddable":true,"href":"https:\/\/unmgp.gob.gt\/es\/wp-json\/wp\/v2\/media\/6839"}],"wp:attachment":[{"href":"https:\/\/unmgp.gob.gt\/es\/wp-json\/wp\/v2\/media?parent=6851"}],"wp:term":[{"taxonomy":"category","embeddable":true,"href":"https:\/\/unmgp.gob.gt\/es\/wp-json\/wp\/v2\/categories?post=6851"},{"taxonomy":"post_tag","embeddable":true,"href":"https:\/\/unmgp.gob.gt\/es\/wp-json\/wp\/v2\/tags?post=6851"}],"curies":[{"name":"wp","href":"https:\/\/api.w.org\/{rel}","templated":true}]}}