{"id":6814,"date":"2025-10-22T08:32:26","date_gmt":"2025-10-22T14:32:26","guid":{"rendered":"https:\/\/unmgp.gob.gt\/es\/?p=6814"},"modified":"2025-10-23T08:36:39","modified_gmt":"2025-10-23T14:36:39","slug":"el-nuevo-modelo-de-gestion-penitenciaria-de-guatemala-presente-en-la-v-reunion-de-autoridades-penitenciarias-y-carcelarias-de-las-americas","status":"publish","type":"post","link":"https:\/\/unmgp.gob.gt\/es\/2025\/10\/22\/el-nuevo-modelo-de-gestion-penitenciaria-de-guatemala-presente-en-la-v-reunion-de-autoridades-penitenciarias-y-carcelarias-de-las-americas\/","title":{"rendered":"El Nuevo Modelo de Gesti\u00f3n Penitenciaria de Guatemala presente en la V Reuni\u00f3n de Autoridades Penitenciarias y Carcelarias de las Am\u00e9ricas."},"content":{"rendered":"\n<p>El Nuevo Modelo de Gesti\u00f3n Penitenciaria contin\u00faa consolid\u00e1ndose como un referente regional en materia de transformaci\u00f3n y reinserci\u00f3n social. En el marco de la V Reuni\u00f3n de Autoridades Penitenciarias y Carcelarias de las Am\u00e9ricas, el Dr. Juan Carlos Corzo, Director Ejecutivo del Nuevo Modelo, present\u00f3 la experiencia guatemalteca ante representantes de distintos pa\u00edses del continente.<\/p>\n\n\n\n<p>Durante su intervenci\u00f3n, el Dr. Corzo comparti\u00f3 la&nbsp;<strong>historia, metodolog\u00eda y beneficios<\/strong>&nbsp;del Modelo, destacando c\u00f3mo este enfoque ha permitido implementar&nbsp;<strong>una gesti\u00f3n basada en la disciplina, el orden, la formaci\u00f3n y el trabajo<\/strong>, pilares fundamentales para la verdadera rehabilitaci\u00f3n de las personas privadas de libertad.<\/p>\n\n\n\n<p>El Nuevo Modelo expuso los avances alcanzados en materia de&nbsp;<strong>infraestructura, profesionalizaci\u00f3n del personal, programas de reinserci\u00f3n y control institucional<\/strong>, mostrando resultados tangibles que reflejan la importancia de un sistema penitenciario moderno, humano y eficiente.<\/p>\n\n\n\n<figure class=\"wp-block-image size-large\"><img loading=\"lazy\" decoding=\"async\" width=\"1024\" height=\"682\" src=\"https:\/\/unmgp.gob.gt\/es\/wp-content\/uploads\/2025\/10\/reunion2-1024x682.jpeg\" alt=\"\" class=\"wp-image-6813\" srcset=\"https:\/\/unmgp.gob.gt\/es\/wp-content\/uploads\/2025\/10\/reunion2-1024x682.jpeg 1024w, https:\/\/unmgp.gob.gt\/es\/wp-content\/uploads\/2025\/10\/reunion2-300x200.jpeg 300w, https:\/\/unmgp.gob.gt\/es\/wp-content\/uploads\/2025\/10\/reunion2-768x512.jpeg 768w, https:\/\/unmgp.gob.gt\/es\/wp-content\/uploads\/2025\/10\/reunion2-600x400.jpeg 600w, https:\/\/unmgp.gob.gt\/es\/wp-content\/uploads\/2025\/10\/reunion2.jpeg 1280w\" sizes=\"auto, (max-width: 1024px) 100vw, 1024px\" \/><\/figure>\n\n\n\n<p>La participaci\u00f3n de Guatemala en este importante espacio internacional reafirma el compromiso del pa\u00eds con las&nbsp;<strong>buenas pr\u00e1cticas penitenciarias<\/strong>&nbsp;y la&nbsp;<strong>cooperaci\u00f3n regional<\/strong>&nbsp;para fortalecer los sistemas de justicia y seguridad ciudadana en las Am\u00e9ricas.<\/p>\n\n\n\n<p>\u201cEl cambio en el sistema penitenciario es posible cuando se trabaja con estructura, disciplina y prop\u00f3sito. El Nuevo Modelo es una muestra de que la transformaci\u00f3n puede generar resultados reales\u201d, destac\u00f3 el Dr. Corzo durante su presentaci\u00f3n.<\/p>\n\n\n\n<p>Con esta participaci\u00f3n, el Nuevo Modelo de Gesti\u00f3n Penitenciaria reafirma su posici\u00f3n como un ejemplo de&nbsp;<strong>transformaci\u00f3n institucional sostenible<\/strong>, impulsando un enfoque que promueve la dignidad, el trabajo y la reinserci\u00f3n como caminos hacia una sociedad m\u00e1s segura y justa.<\/p>\n\n\n\n<p><\/p>\n\n\n\n<p><\/p>\n\n\n\n<p><\/p>\n\n\n\n<p><\/p>\n\n\n\n<p><\/p>\n\n\n\n<p><\/p>\n\n\n\n<p><\/p>\n","protected":false},"excerpt":{"rendered":"<p>El Nuevo Modelo de Gesti\u00f3n Penitenciaria contin\u00faa consolid\u00e1ndose como un referente regional en materia de transformaci\u00f3n y reinserci\u00f3n social. En el marco de la V Reuni\u00f3n de Autoridades Penitenciarias y Carcelarias de las Am\u00e9ricas, el Dr. Juan Carlos Corzo, Director Ejecutivo del Nuevo Modelo, present\u00f3 la experiencia guatemalteca ante representantes de distintos pa\u00edses del continente.<\/p>\n","protected":false},"author":1,"featured_media":6812,"comment_status":"open","ping_status":"closed","sticky":false,"template":"","format":"standard","meta":{"_jetpack_memberships_contains_paid_content":false,"footnotes":""},"categories":[20],"tags":[],"class_list":["post-6814","post","type-post","status-publish","format-standard","has-post-thumbnail","hentry","category-noticias","category-20","description-off"],"jetpack_featured_media_url":"https:\/\/unmgp.gob.gt\/es\/wp-content\/uploads\/2025\/10\/reunion1.jpeg","jetpack_sharing_enabled":true,"_links":{"self":[{"href":"https:\/\/unmgp.gob.gt\/es\/wp-json\/wp\/v2\/posts\/6814","targetHints":{"allow":["GET"]}}],"collection":[{"href":"https:\/\/unmgp.gob.gt\/es\/wp-json\/wp\/v2\/posts"}],"about":[{"href":"https:\/\/unmgp.gob.gt\/es\/wp-json\/wp\/v2\/types\/post"}],"author":[{"embeddable":true,"href":"https:\/\/unmgp.gob.gt\/es\/wp-json\/wp\/v2\/users\/1"}],"replies":[{"embeddable":true,"href":"https:\/\/unmgp.gob.gt\/es\/wp-json\/wp\/v2\/comments?post=6814"}],"version-history":[{"count":3,"href":"https:\/\/unmgp.gob.gt\/es\/wp-json\/wp\/v2\/posts\/6814\/revisions"}],"predecessor-version":[{"id":6820,"href":"https:\/\/unmgp.gob.gt\/es\/wp-json\/wp\/v2\/posts\/6814\/revisions\/6820"}],"wp:featuredmedia":[{"embeddable":true,"href":"https:\/\/unmgp.gob.gt\/es\/wp-json\/wp\/v2\/media\/6812"}],"wp:attachment":[{"href":"https:\/\/unmgp.gob.gt\/es\/wp-json\/wp\/v2\/media?parent=6814"}],"wp:term":[{"taxonomy":"category","embeddable":true,"href":"https:\/\/unmgp.gob.gt\/es\/wp-json\/wp\/v2\/categories?post=6814"},{"taxonomy":"post_tag","embeddable":true,"href":"https:\/\/unmgp.gob.gt\/es\/wp-json\/wp\/v2\/tags?post=6814"}],"curies":[{"name":"wp","href":"https:\/\/api.w.org\/{rel}","templated":true}]}}